{"id":1270,"date":"2026-06-12T09:53:43","date_gmt":"2026-06-12T12:53:43","guid":{"rendered":"https:\/\/cuidativa.ufpel.edu.br\/?p=1270"},"modified":"2026-06-12T10:14:22","modified_gmt":"2026-06-12T13:14:22","slug":"cuidativa-sedia-pre-conferencia-de-saude","status":"publish","type":"post","link":"https:\/\/cuidativa.ufpel.edu.br\/index.php\/2026\/06\/12\/cuidativa-sedia-pre-conferencia-de-saude\/","title":{"rendered":"CUIDATIVA SEDIA PR\u00c9-CONFER\u00caNCIA DE SA\u00daDE"},"content":{"rendered":"\n<p class=\"wp-block-paragraph\">No dia 10 de junho, a Cuidativa realizou sua Pr\u00e9-Confer\u00eancia de Sa\u00fade, reunindo cerca de 70 participantes, entre usu\u00e1rios, trabalhadores, gestores e representantes do Conselho Municipal de Sa\u00fade, que conduziram a din\u00e2mica de di\u00e1logo e debate sobre os quatro eixos da 18\u00aa Confer\u00eancia Nacional de Sa\u00fade.<\/p>\n\n\n\n<p class=\"wp-block-paragraph\">Durante mais de quatro horas de discuss\u00f5es, os participantes apresentaram importantes propostas para o fortalecimento do SUS. Entre elas, destacaram-se a amplia\u00e7\u00e3o dos cuidados paliativos por meio da implementa\u00e7\u00e3o de Centros de Refer\u00eancia em Cuidados Paliativos, com modalidades de centro-dia e leitos exclusivos, al\u00e9m da valoriza\u00e7\u00e3o dos cuidados paliativos comunit\u00e1rios.<\/p>\n\n\n\n<div class=\"wp-block-columns is-layout-flex wp-container-core-columns-is-layout-8f761849 wp-block-columns-is-layout-flex\">\n<div class=\"wp-block-column is-layout-flow wp-block-column-is-layout-flow\">\n<figure class=\"wp-block-image size-large\"><img fetchpriority=\"high\" decoding=\"async\" width=\"819\" height=\"1024\" src=\"https:\/\/cuidativa.ufpel.edu.br\/wp-content\/uploads\/2026\/06\/WhatsApp-Image-2026-06-12-at-09.53.16-819x1024.jpeg\" alt=\"\" class=\"wp-image-1275\" srcset=\"https:\/\/cuidativa.ufpel.edu.br\/wp-content\/uploads\/2026\/06\/WhatsApp-Image-2026-06-12-at-09.53.16-819x1024.jpeg 819w, https:\/\/cuidativa.ufpel.edu.br\/wp-content\/uploads\/2026\/06\/WhatsApp-Image-2026-06-12-at-09.53.16-320x400.jpeg 320w, https:\/\/cuidativa.ufpel.edu.br\/wp-content\/uploads\/2026\/06\/WhatsApp-Image-2026-06-12-at-09.53.16-768x960.jpeg 768w, https:\/\/cuidativa.ufpel.edu.br\/wp-content\/uploads\/2026\/06\/WhatsApp-Image-2026-06-12-at-09.53.16.jpeg 900w\" sizes=\"(max-width: 819px) 100vw, 819px\" \/><\/figure>\n<\/div>\n\n\n\n<div class=\"wp-block-column is-layout-flow wp-block-column-is-layout-flow\">\n<figure class=\"wp-block-image size-large\"><img decoding=\"async\" width=\"819\" height=\"1024\" src=\"https:\/\/cuidativa.ufpel.edu.br\/wp-content\/uploads\/2026\/06\/WhatsApp-Image-2026-06-12-at-09.53.16-2-819x1024.jpeg\" alt=\"\" class=\"wp-image-1274\" srcset=\"https:\/\/cuidativa.ufpel.edu.br\/wp-content\/uploads\/2026\/06\/WhatsApp-Image-2026-06-12-at-09.53.16-2-819x1024.jpeg 819w, https:\/\/cuidativa.ufpel.edu.br\/wp-content\/uploads\/2026\/06\/WhatsApp-Image-2026-06-12-at-09.53.16-2-320x400.jpeg 320w, https:\/\/cuidativa.ufpel.edu.br\/wp-content\/uploads\/2026\/06\/WhatsApp-Image-2026-06-12-at-09.53.16-2-768x960.jpeg 768w, https:\/\/cuidativa.ufpel.edu.br\/wp-content\/uploads\/2026\/06\/WhatsApp-Image-2026-06-12-at-09.53.16-2.jpeg 900w\" sizes=\"(max-width: 819px) 100vw, 819px\" \/><\/figure>\n<\/div>\n\n\n\n<div class=\"wp-block-column is-layout-flow wp-block-column-is-layout-flow\">\n<figure class=\"wp-block-image size-large\"><img decoding=\"async\" width=\"819\" height=\"1024\" src=\"https:\/\/cuidativa.ufpel.edu.br\/wp-content\/uploads\/2026\/06\/WhatsApp-Image-2026-06-12-at-09.53.16-1-819x1024.jpeg\" alt=\"\" class=\"wp-image-1273\" srcset=\"https:\/\/cuidativa.ufpel.edu.br\/wp-content\/uploads\/2026\/06\/WhatsApp-Image-2026-06-12-at-09.53.16-1-819x1024.jpeg 819w, https:\/\/cuidativa.ufpel.edu.br\/wp-content\/uploads\/2026\/06\/WhatsApp-Image-2026-06-12-at-09.53.16-1-320x400.jpeg 320w, https:\/\/cuidativa.ufpel.edu.br\/wp-content\/uploads\/2026\/06\/WhatsApp-Image-2026-06-12-at-09.53.16-1-768x960.jpeg 768w, https:\/\/cuidativa.ufpel.edu.br\/wp-content\/uploads\/2026\/06\/WhatsApp-Image-2026-06-12-at-09.53.16-1.jpeg 856w\" sizes=\"(max-width: 819px) 100vw, 819px\" \/><\/figure>\n<\/div>\n<\/div>\n\n\n\n<p class=\"wp-block-paragraph\">Tamb\u00e9m surgiu como proposta a cria\u00e7\u00e3o e amplia\u00e7\u00e3o de servi\u00e7os de transporte adaptado para pessoas com fragilidades, facilitando o acesso a espa\u00e7os de conviv\u00eancia, reabilita\u00e7\u00e3o e cuidado, como a Cuidativa.<\/p>\n\n\n\n<p class=\"wp-block-paragraph\">Os debates ainda refor\u00e7aram a import\u00e2ncia da preserva\u00e7\u00e3o do meio ambiente, da qualifica\u00e7\u00e3o e do fortalecimento da Aten\u00e7\u00e3o Prim\u00e1ria \u00e0 Sa\u00fade, com melhorias na infraestrutura, amplia\u00e7\u00e3o das equipes e garantia de insumos adequados. Outro tema amplamente discutido foi o acesso aos medicamentos, apontado pelos usu\u00e1rios como um dos principais desafios enfrentados atualmente.<\/p>\n\n\n\n<p class=\"wp-block-paragraph\">Agradecemos a todos que participaram deste importante momento de constru\u00e7\u00e3o coletiva. \u00c9 por meio da escuta, do di\u00e1logo e da participa\u00e7\u00e3o social que seguimos fortalecendo o SUS que queremos: p\u00fablico, universal, equ\u00e2nime e de qualidade para todas as pessoas.<\/p>\n","protected":false},"excerpt":{"rendered":"<p>No dia 10 de junho, a Cuidativa realizou sua Pr\u00e9-Confer\u00eancia de Sa\u00fade, reunindo cerca de 70 participantes, entre usu\u00e1rios, trabalhadores, gestores e representantes do Conselho Municipal de Sa\u00fade, que conduziram a din\u00e2mica de di\u00e1logo e debate sobre os quatro eixos da 18\u00aa Confer\u00eancia Nacional de Sa\u00fade. Durante mais de quatro horas de discuss\u00f5es, os participantes [&hellip;]<\/p>\n","protected":false},"author":3,"featured_media":0,"comment_status":"open","ping_status":"open","sticky":false,"template":"","format":"standard","meta":{"footnotes":""},"categories":[18],"tags":[],"class_list":["post-1270","post","type-post","status-publish","format-standard","hentry","category-noticias"],"_links":{"self":[{"href":"https:\/\/cuidativa.ufpel.edu.br\/index.php\/wp-json\/wp\/v2\/posts\/1270","targetHints":{"allow":["GET"]}}],"collection":[{"href":"https:\/\/cuidativa.ufpel.edu.br\/index.php\/wp-json\/wp\/v2\/posts"}],"about":[{"href":"https:\/\/cuidativa.ufpel.edu.br\/index.php\/wp-json\/wp\/v2\/types\/post"}],"author":[{"embeddable":true,"href":"https:\/\/cuidativa.ufpel.edu.br\/index.php\/wp-json\/wp\/v2\/users\/3"}],"replies":[{"embeddable":true,"href":"https:\/\/cuidativa.ufpel.edu.br\/index.php\/wp-json\/wp\/v2\/comments?post=1270"}],"version-history":[{"count":4,"href":"https:\/\/cuidativa.ufpel.edu.br\/index.php\/wp-json\/wp\/v2\/posts\/1270\/revisions"}],"predecessor-version":[{"id":1280,"href":"https:\/\/cuidativa.ufpel.edu.br\/index.php\/wp-json\/wp\/v2\/posts\/1270\/revisions\/1280"}],"wp:attachment":[{"href":"https:\/\/cuidativa.ufpel.edu.br\/index.php\/wp-json\/wp\/v2\/media?parent=1270"}],"wp:term":[{"taxonomy":"category","embeddable":true,"href":"https:\/\/cuidativa.ufpel.edu.br\/index.php\/wp-json\/wp\/v2\/categories?post=1270"},{"taxonomy":"post_tag","embeddable":true,"href":"https:\/\/cuidativa.ufpel.edu.br\/index.php\/wp-json\/wp\/v2\/tags?post=1270"}],"curies":[{"name":"wp","href":"https:\/\/api.w.org\/{rel}","templated":true}]}}